{"id":322,"__str__":"Of\u00edcio n\u00ba 565/2023/GP, datado de 12 de setembro de 2023, enviado eletronicamente, atrav\u00e9s do SAPL, pelo Prefeito Robson Cantu, comunicando a realiza\u00e7\u00e3o de Audi\u00eancia P\u00fablica para apresenta\u00e7\u00e3o do cumprimento das metas fiscais do 2\u00ba Quadrimestre de 2023 e apresenta\u00e7\u00e3o do Projeto de Lei do Or\u00e7amento Anual \u2013 LOA, para o exerc\u00edcio de 2024 e, para tanto, solicita o empr\u00e9stimo do plen\u00e1rio de sess\u00f5es da C\u00e2mara para o dia 28 de setembro de 2023, \u00e0s 13h30, e convida a todos para participar da aludida audi\u00eancia.","link_detail_backend":"/audiencia/anexoaudienciapublica/322","metadata":{},"arquivo":"http://sapl.patobranco.pr.leg.br/media/sapl/public/anexoaudienciapublica/322/of.565-2023-gp.pdf","data":"2023-09-13","assunto":"Of\u00edcio n\u00ba 565/2023/GP, datado de 12 de setembro de 2023, enviado eletronicamente, atrav\u00e9s do SAPL, pelo Prefeito Robson Cantu, comunicando a realiza\u00e7\u00e3o de Audi\u00eancia P\u00fablica para apresenta\u00e7\u00e3o do cumprimento das metas fiscais do 2\u00ba Quadrimestre de 2023 e apresenta\u00e7\u00e3o do Projeto de Lei do Or\u00e7amento Anual \u2013 LOA, para o exerc\u00edcio de 2024 e, para tanto, solicita o empr\u00e9stimo do plen\u00e1rio de sess\u00f5es da C\u00e2mara para o dia 28 de setembro de 2023, \u00e0s 13h30, e convida a todos para participar da aludida audi\u00eancia.","audiencia":56}